{"id":14,"date":"2017-02-14T09:51:18","date_gmt":"2017-02-14T08:51:18","guid":{"rendered":"http:\/\/www.swiatlazienek.com.pl\/blog\/?p=14"},"modified":"2017-02-15T11:28:20","modified_gmt":"2017-02-15T10:28:20","slug":"trendy-2017-w-urzadzaniu-lazienek","status":"publish","type":"post","link":"https:\/\/www.swiatlazienek.com.pl\/blog\/trendy-2017-w-urzadzaniu-lazienek.html","title":{"rendered":"TRENDY 2017 W URZ\u0104DZANIU \u0141AZIENEK"},"content":{"rendered":"<p><img loading=\"lazy\" class=\"size-medium wp-image-24 alignright\" src=\"http:\/\/www.swiatlazienek.com.pl\/blog\/wp-content\/uploads\/2017\/02\/FALPER_BOWLLINO-300x216.jpg\" alt=\"\" width=\"300\" height=\"216\" srcset=\"https:\/\/www.swiatlazienek.com.pl\/blog\/wp-content\/uploads\/2017\/02\/FALPER_BOWLLINO-300x216.jpg 300w, https:\/\/www.swiatlazienek.com.pl\/blog\/wp-content\/uploads\/2017\/02\/FALPER_BOWLLINO.jpg 684w\" sizes=\"(max-width: 300px) 100vw, 300px\" \/>W 2017 roku motywem przewodnim w naszych \u0142azienkach b\u0119d\u0105 elementy zwi\u0105zane z natur\u0105. Modne b\u0119d\u0105 meble czy pod\u0142oga wykonane z drewna, kamienia, metalu czy betonu. W\u015br\u00f3d kolor\u00f3w natomiast dominowa\u0107 b\u0119d\u0105 odcienie be\u017cu, zieleni, szaro\u015bci i grafitu.<\/p>\n<p><strong>Drewno<\/strong><\/p>\n<p>W nadchodz\u0105cym sezonie <strong>drewniane akcenty w \u0142azience to podstawa<\/strong>. Nie musimy jednak inwestowa\u0107 w drewniane meble i pod\u0142ogi. Wystarczy, \u017ce wybierzemy p\u0142ytki, kt\u00f3re swoj\u0105 struktur\u0105 b\u0119d\u0105 przypomina\u0142y drewno lub panele pod\u0142ogowe. Mo\u017cna wykorzysta\u0107 tak\u017ce p\u0142yty MDF w okleinie drewnopodobnej.<\/p>\n<p><strong><img loading=\"lazy\" class=\"size-medium wp-image-23 alignleft\" src=\"http:\/\/www.swiatlazienek.com.pl\/blog\/wp-content\/uploads\/2017\/02\/CIELO_shui_color_wisz\u0105ce-300x300.jpg\" alt=\"\" width=\"300\" height=\"300\" srcset=\"https:\/\/www.swiatlazienek.com.pl\/blog\/wp-content\/uploads\/2017\/02\/CIELO_shui_color_wisz\u0105ce-300x300.jpg 300w, https:\/\/www.swiatlazienek.com.pl\/blog\/wp-content\/uploads\/2017\/02\/CIELO_shui_color_wisz\u0105ce-150x150.jpg 150w, https:\/\/www.swiatlazienek.com.pl\/blog\/wp-content\/uploads\/2017\/02\/CIELO_shui_color_wisz\u0105ce-768x768.jpg 768w, https:\/\/www.swiatlazienek.com.pl\/blog\/wp-content\/uploads\/2017\/02\/CIELO_shui_color_wisz\u0105ce.jpg 1000w\" sizes=\"(max-width: 300px) 100vw, 300px\" \/>P\u0142ytki<\/strong><\/p>\n<p>Podobnie jak w 2016 roku, du\u017c\u0105 popularno\u015bci\u0105 b\u0119d\u0105 cieszy\u0107 si\u0119 p\u0142ytki heksagonalne, kt\u00f3rych nietypowy kszta\u0142t pozwoli na stworzenie oryginalnej aran\u017cacji i sprawi, \u017ce wn\u0119trza nabior\u0105 charakteru. Tak jak reszta stylizacji, ich wygl\u0105d powinien nawi\u0105zywa\u0107 do <strong>motyw\u00f3w zwi\u0105zanych z natur\u0105<\/strong>.<\/p>\n<p><strong>Kabiny prysznicowe<\/strong><\/p>\n<p>G\u0142\u0119bokie brodziki ju\u017c dawno wysz\u0142y z mody. Teraz w prysznicach stosuje si\u0119 ich p\u0142ytkie modele lub zast\u0119puje odp\u0142ywem liniowym wykonanym w pod\u0142odze.<\/p>\n<p><strong>Coraz wi\u0119ksz\u0105 popularno\u015bci\u0105 ciesz\u0105 si\u0119 tak\u017ce <a href=\"http:\/\/www.swiatlazienek.com.pl\/k1123,lazienka-kabiny-prysznicowe-parawany-drzwi-kabiny-prysznicowe.html\" target=\"_blank\">kabiny prysznicowe<\/a> bez drzwi<\/strong>, posiadaj\u0105ce jedynie szyb\u0119, kt\u00f3ra oddziela rozlewaj\u0105c\u0105 si\u0119 wod\u0119 od reszty pomieszczenia.<\/p>\n<p><strong><img loading=\"lazy\" class=\"size-medium wp-image-22 alignright\" src=\"http:\/\/www.swiatlazienek.com.pl\/blog\/wp-content\/uploads\/2017\/02\/VOLA_T39_grzejnik-262x300.jpg\" alt=\"\" width=\"262\" height=\"300\" srcset=\"https:\/\/www.swiatlazienek.com.pl\/blog\/wp-content\/uploads\/2017\/02\/VOLA_T39_grzejnik-262x300.jpg 262w, https:\/\/www.swiatlazienek.com.pl\/blog\/wp-content\/uploads\/2017\/02\/VOLA_T39_grzejnik.jpg 479w\" sizes=\"(max-width: 262px) 100vw, 262px\" \/>Wanny<\/strong><\/p>\n<p>W ostatnich latach<strong> ogromn\u0105 popularno\u015bci\u0105 ciesz\u0105 si\u0119 <a href=\"http:\/\/www.swiatlazienek.com.pl\/p12034,victoria-albert-hampshire-wanna-wolnostojaca-z-bialymi-nozkami-171x78cm-biala-ham-n-sw-ft-ham-sw.html\" target=\"_blank\">wanny wolnostoj\u0105ce, cz\u0119sto oparte na dekoracyjnych n\u00f3\u017ckach<\/a>.<\/strong> Dzi\u0119ki swojemu wygl\u0105dowi staj\u0105 si\u0119 g\u0142\u00f3wn\u0105 ozdob\u0105 \u0142azienki i nie trzeba ich ju\u017c koniecznie ustawia\u0107 pod \u015bcian\u0105.<\/p>\n<p><strong>Baterie wannowe<\/strong><\/p>\n<p>W przypadku baterii, najwi\u0119ksz\u0105 popularno\u015bci\u0105 b\u0119d\u0105 cieszy\u0142y si\u0119 baterie termostatyczne, dzi\u0119ki, kt\u00f3rym utrzymywana jest sta\u0142a temperatura wody. &nbsp;Je\u015bli zdecydujemy si\u0119 na wann\u0119 wolnostoj\u0105c\u0105, bateria, kt\u00f3r\u0105 trzeba b\u0119dzie do niej dokupi\u0107 b\u0119dzie tak\u017ce wolnostoj\u0105ca.<\/p>\n","protected":false},"excerpt":{"rendered":"<p>W 2017 roku motywem przewodnim w naszych \u0142azienkach b\u0119d\u0105 elementy zwi\u0105zane z natur\u0105. Modne b\u0119d\u0105 meble czy pod\u0142oga wykonane z drewna, kamienia, metalu czy betonu. W\u015br\u00f3d kolor\u00f3w natomiast dominowa\u0107 b\u0119d\u0105 odcienie be\u017cu, zieleni, szaro\u015bci i grafitu. Drewno W nadchodz\u0105cym sezonie drewniane akcenty w \u0142azience to podstawa. Nie musimy jednak inwestowa\u0107 &hellip;<\/p>\n","protected":false},"author":1,"featured_media":24,"comment_status":"open","ping_status":"open","sticky":false,"template":"","format":"standard","meta":{"ngg_post_thumbnail":0},"categories":[1],"tags":[],"_links":{"self":[{"href":"https:\/\/www.swiatlazienek.com.pl\/blog\/wp-json\/wp\/v2\/posts\/14"}],"collection":[{"href":"https:\/\/www.swiatlazienek.com.pl\/blog\/wp-json\/wp\/v2\/posts"}],"about":[{"href":"https:\/\/www.swiatlazienek.com.pl\/blog\/wp-json\/wp\/v2\/types\/post"}],"author":[{"embeddable":true,"href":"https:\/\/www.swiatlazienek.com.pl\/blog\/wp-json\/wp\/v2\/users\/1"}],"replies":[{"embeddable":true,"href":"https:\/\/www.swiatlazienek.com.pl\/blog\/wp-json\/wp\/v2\/comments?post=14"}],"version-history":[{"count":4,"href":"https:\/\/www.swiatlazienek.com.pl\/blog\/wp-json\/wp\/v2\/posts\/14\/revisions"}],"predecessor-version":[{"id":37,"href":"https:\/\/www.swiatlazienek.com.pl\/blog\/wp-json\/wp\/v2\/posts\/14\/revisions\/37"}],"wp:featuredmedia":[{"embeddable":true,"href":"https:\/\/www.swiatlazienek.com.pl\/blog\/wp-json\/wp\/v2\/media\/24"}],"wp:attachment":[{"href":"https:\/\/www.swiatlazienek.com.pl\/blog\/wp-json\/wp\/v2\/media?parent=14"}],"wp:term":[{"taxonomy":"category","embeddable":true,"href":"https:\/\/www.swiatlazienek.com.pl\/blog\/wp-json\/wp\/v2\/categories?post=14"},{"taxonomy":"post_tag","embeddable":true,"href":"https:\/\/www.swiatlazienek.com.pl\/blog\/wp-json\/wp\/v2\/tags?post=14"}],"curies":[{"name":"wp","href":"https:\/\/api.w.org\/{rel}","templated":true}]}}