{"id":79,"date":"2018-03-30T08:23:12","date_gmt":"2018-03-30T06:23:12","guid":{"rendered":"http:\/\/www.swiatlazienek.com.pl\/blog\/?p=79"},"modified":"2018-04-03T08:30:55","modified_gmt":"2018-04-03T06:30:55","slug":"lazienka-w-wielkanocnej-odslonie","status":"publish","type":"post","link":"https:\/\/www.swiatlazienek.com.pl\/blog\/lazienka-w-wielkanocnej-odslonie.html","title":{"rendered":"\u0141azienka w wielkanocnej ods\u0142onie"},"content":{"rendered":"<p>Gdy zbli\u017caj\u0105 si\u0119 \u015bwi\u0119ta wielkanocne dekorujemy nasze mieszkania tak, by kojarzy\u0142y si\u0119 z wiosn\u0105. Nic nie stoi na przeszkodzie, by zadba\u0107 te\u017c o \u0142azienk\u0119 i sprawi\u0107, \u017ce atmosfera \u015bwi\u0105teczna zago\u015bci tak\u017ce i tam.<\/p>\n<p>Bez wzgl\u0119du na to czy Twoja \u0142azienka urz\u0105dzona jest w stylu minimalistycznym czy barokowym, mo\u017cna znale\u017a\u0107 dekoracje wielkanocne, kt\u00f3re swoim wygl\u0105dem b\u0119d\u0105 pasowa\u0107 do wystroju pomieszczenia. Producenci oferuj\u0105 dodatki zar\u00f3wno w tradycyjnych kolorach kojarz\u0105cych si\u0119 ze \u015bwi\u0119tami, takich jak zielony czy \u017c\u00f3\u0142ty oraz w tych bardziej nietypowych np. z\u0142oty czy srebrny. Dzi\u0119ki temu wielkanocne pisanki, figurki w kszta\u0142cie zaj\u0105czk\u00f3w i kurczaczk\u00f3w b\u0119d\u0105 mog\u0142y pojawi\u0107 si\u0119 r\u00f3wnie\u017c w \u0142azience.<\/p>\n<p>Je\u015bli nie chcemy \u017ceby w naszej \u0142azience znajdowa\u0142o si\u0119 zbyt du\u017co wielkanocnych ozd\u00f3b mo\u017cemy po prostu zamieni\u0107 standardowe akcesoria takie jak r\u0119czniki czy zas\u0142onki na ich odpowiedniki w bardziej intensywnych kolorach. Takie dekoracje mo\u017cemy wykorzysta\u0107 nie tylko w okresie Wielkanocy, ale tak\u017ce u\u017cywa\u0107 ich na zmian\u0119 w ci\u0105gu ca\u0142ego roku.<\/p>\n<p>Je\u017celi chcieliby\u015bmy zatrzyma\u0107 klimat wiosny w \u0142azience nie tylko w okresie Wielkiej Nocy, mo\u017cemy wprowadzi\u0107 wi\u0119ksze modyfikacje i zmieni\u0107 nie tylko dekoracje, ale tak\u017ce p\u0142ytki czy meble. Kolorowa \u0142azienka z pewno\u015bci\u0105 sprawi, \u017ce b\u0119dziemy chcieli sp\u0119dza\u0107 w niej wi\u0119cej czasu i nastroi nas pozytywnie do \u017cycia.<\/p>\n<p>Szukasz kolorowych mebli i akcesori\u00f3w \u0142azienkowych? Odwied\u017a nasz\u0105 stron\u0119:&nbsp;<a href=\"https:\/\/swiatlazienek.com.pl\">https:\/\/swiatlazienek.com.pl<\/a><\/p>\n","protected":false},"excerpt":{"rendered":"<p>Gdy zbli\u017caj\u0105 si\u0119 \u015bwi\u0119ta wielkanocne dekorujemy nasze mieszkania tak, by kojarzy\u0142y si\u0119 z wiosn\u0105. Nic nie stoi na przeszkodzie, by zadba\u0107 te\u017c o \u0142azienk\u0119 i sprawi\u0107, \u017ce atmosfera \u015bwi\u0105teczna zago\u015bci tak\u017ce i tam. Bez wzgl\u0119du na to czy Twoja \u0142azienka urz\u0105dzona jest w stylu minimalistycznym czy barokowym, mo\u017cna znale\u017a\u0107 dekoracje &hellip;<\/p>\n","protected":false},"author":1,"featured_media":80,"comment_status":"open","ping_status":"open","sticky":false,"template":"","format":"standard","meta":{"ngg_post_thumbnail":0},"categories":[1],"tags":[],"_links":{"self":[{"href":"https:\/\/www.swiatlazienek.com.pl\/blog\/wp-json\/wp\/v2\/posts\/79"}],"collection":[{"href":"https:\/\/www.swiatlazienek.com.pl\/blog\/wp-json\/wp\/v2\/posts"}],"about":[{"href":"https:\/\/www.swiatlazienek.com.pl\/blog\/wp-json\/wp\/v2\/types\/post"}],"author":[{"embeddable":true,"href":"https:\/\/www.swiatlazienek.com.pl\/blog\/wp-json\/wp\/v2\/users\/1"}],"replies":[{"embeddable":true,"href":"https:\/\/www.swiatlazienek.com.pl\/blog\/wp-json\/wp\/v2\/comments?post=79"}],"version-history":[{"count":3,"href":"https:\/\/www.swiatlazienek.com.pl\/blog\/wp-json\/wp\/v2\/posts\/79\/revisions"}],"predecessor-version":[{"id":83,"href":"https:\/\/www.swiatlazienek.com.pl\/blog\/wp-json\/wp\/v2\/posts\/79\/revisions\/83"}],"wp:featuredmedia":[{"embeddable":true,"href":"https:\/\/www.swiatlazienek.com.pl\/blog\/wp-json\/wp\/v2\/media\/80"}],"wp:attachment":[{"href":"https:\/\/www.swiatlazienek.com.pl\/blog\/wp-json\/wp\/v2\/media?parent=79"}],"wp:term":[{"taxonomy":"category","embeddable":true,"href":"https:\/\/www.swiatlazienek.com.pl\/blog\/wp-json\/wp\/v2\/categories?post=79"},{"taxonomy":"post_tag","embeddable":true,"href":"https:\/\/www.swiatlazienek.com.pl\/blog\/wp-json\/wp\/v2\/tags?post=79"}],"curies":[{"name":"wp","href":"https:\/\/api.w.org\/{rel}","templated":true}]}}