{"id":88,"date":"2018-04-21T10:40:21","date_gmt":"2018-04-21T08:40:21","guid":{"rendered":"http:\/\/www.swiatlazienek.com.pl\/blog\/?p=88"},"modified":"2018-05-22T11:14:04","modified_gmt":"2018-05-22T09:14:04","slug":"lazienka-w-odcieniach-czerni","status":"publish","type":"post","link":"https:\/\/www.swiatlazienek.com.pl\/blog\/lazienka-w-odcieniach-czerni.html","title":{"rendered":"\u0141azienka w odcieniach czerni"},"content":{"rendered":"<p><strong>Czarna \u0142azienka \u2013 elegancja i oryginalno\u015b\u0107<\/strong><\/p>\n<p>Czer\u0144 to kolor kojarz\u0105cy si\u0119 z elegancj\u0105 i luksusem. Tym, kt\u00f3rzy nie boj\u0105 si\u0119 odwa\u017cnych i niestandardowych rozwi\u0105za\u0144, proponujemy wykorzystanie go tak\u017ce w \u0142azience! Pomimo, \u017ce czarne \u0142azienki sprawdzaj\u0105 si\u0119 lepiej w przypadku wi\u0119kszych pomieszcze\u0144, dodatki w tym kolorze mo\u017cna wykorzysta\u0107 tak\u017ce w przypadku mniejszych przestrzeni.<\/p>\n<p>Dowiedz si\u0119 jakie czarne elementy wyposa\u017cenia \u0142azienki posiadamy w ofercie i wykorzystaj je w swojej stylizacji.<\/p>\n<p>&nbsp;<\/p>\n<ol>\n<li><strong><img loading=\"lazy\" class=\" wp-image-104 alignright\" src=\"http:\/\/www.swiatlazienek.com.pl\/blog\/wp-content\/uploads\/2018\/04\/artceram-cup-umywalka-wolnos_120020-237x300.jpg\" alt=\"\" width=\"223\" height=\"282\" srcset=\"https:\/\/www.swiatlazienek.com.pl\/blog\/wp-content\/uploads\/2018\/04\/artceram-cup-umywalka-wolnos_120020-237x300.jpg 237w, https:\/\/www.swiatlazienek.com.pl\/blog\/wp-content\/uploads\/2018\/04\/artceram-cup-umywalka-wolnos_120020.jpg 469w\" sizes=\"(max-width: 223px) 100vw, 223px\" \/>Czarna umywalka<\/strong><\/li>\n<\/ol>\n<p>Do wyboru mamy czarne umywalki zar\u00f3wno w stylu retro, jak i nowoczesnym. Wszystko zale\u017cy od tego jak wygl\u0105daj\u0105 pozosta\u0142e elementy w pomieszczeniu.<\/p>\n<p><a href=\"https:\/\/swiatlazienek.com.pl\/k1118,lazienka-ceramika-sanitarna-umywalki.html?cena%5B0%5D=0&amp;cena%5B1%5D=99550&amp;fc%5B13%5D%5B%5D=23\">Zobacz czarne umywalki na stronie swiatlazienek.com.pl<\/a><\/p>\n<p>&nbsp;<\/p>\n<p>&nbsp;<\/p>\n<ol start=\"2\">\n<li><strong>Czarna wanna<\/strong><\/li>\n<\/ol>\n<p><img loading=\"lazy\" class=\" wp-image-108 alignleft\" src=\"http:\/\/www.swiatlazienek.com.pl\/blog\/wp-content\/uploads\/2018\/04\/royce-morgan-kensington-1755_112749-300x300.jpg\" alt=\"\" width=\"257\" height=\"257\" srcset=\"https:\/\/www.swiatlazienek.com.pl\/blog\/wp-content\/uploads\/2018\/04\/royce-morgan-kensington-1755_112749-300x300.jpg 300w, https:\/\/www.swiatlazienek.com.pl\/blog\/wp-content\/uploads\/2018\/04\/royce-morgan-kensington-1755_112749-150x150.jpg 150w, https:\/\/www.swiatlazienek.com.pl\/blog\/wp-content\/uploads\/2018\/04\/royce-morgan-kensington-1755_112749-768x768.jpg 768w, https:\/\/www.swiatlazienek.com.pl\/blog\/wp-content\/uploads\/2018\/04\/royce-morgan-kensington-1755_112749.jpg 800w\" sizes=\"(max-width: 257px) 100vw, 257px\" \/>Wanna jest cz\u0119sto najwa\u017cniejszym elementem w \u0142azience, dlatego je\u015bli zdecydujemy si\u0119 na model w kolorze czarnym, z pewno\u015bci\u0105 zwr\u00f3ci ona uwag\u0119 ka\u017cdego kto odwiedzi nasz dom. Podobnie jak w przypadku umywalek, do wyboru mamy zar\u00f3wno czarne wanny w stylu nowoczesnym oraz czarne wanny retro.<\/p>\n<p><a href=\"https:\/\/swiatlazienek.com.pl\/k1127,lazienka-wanny-wanny-akrylowe.html?cena%5B0%5D=450&amp;cena%5B1%5D=35150&amp;fc%5B13%5D%5B%5D=23\">Zobacz czarne wanny na stronie swiatlazienek.com.pl<\/a><\/p>\n<p>&nbsp;<\/p>\n<p>&nbsp;<\/p>\n<ol start=\"3\">\n<li><strong>Czarna bateria<\/strong><\/li>\n<\/ol>\n<p><img loading=\"lazy\" class=\"wp-image-114 alignright\" src=\"http:\/\/www.swiatlazienek.com.pl\/blog\/wp-content\/uploads\/2018\/04\/gessi-goccia-bateria-umy_87918.jpg\" alt=\"\" width=\"195\" height=\"208\">Bez wzgl\u0119du na pozosta\u0142e dodatki, czarna bateria sprawi, \u017ce Twoja \u0142azienka b\u0119dzie wygl\u0105da\u0142a bardzo ekskluzywnie. Baterie dost\u0119pne s\u0105 tak\u017ce w wersji matowej, kt\u00f3ra z pewno\u015bci\u0105 doda pomieszczeniu oryginalno\u015bci i elegancji.<\/p>\n<p><a href=\"https:\/\/swiatlazienek.com.pl\/k1105,lazienka-baterie-lazienkowe-baterie-umywalkowe.html?cena%5B0%5D=100&amp;cena%5B1%5D=16750&amp;fc%5B13%5D%5B%5D=23&amp;fc%5B13%5D%5B%5D=2743&amp;fc%5B13%5D%5B%5D=2574\">Zobacz czarne baterie na stronie swiatlazienek.com.pl<\/a><\/p>\n<p>&nbsp;<\/p>\n<p>&nbsp;<\/p>\n<ol start=\"4\">\n<li><strong>Czarne meble \u0142azienkowe<\/strong><\/li>\n<\/ol>\n<p><img loading=\"lazy\" class=\"wp-image-119 alignleft\" src=\"http:\/\/www.swiatlazienek.com.pl\/blog\/wp-content\/uploads\/2018\/04\/olympia-ceramica-impero-szaf_109324-300x300.jpg\" alt=\"\" width=\"221\" height=\"221\" srcset=\"https:\/\/www.swiatlazienek.com.pl\/blog\/wp-content\/uploads\/2018\/04\/olympia-ceramica-impero-szaf_109324-300x300.jpg 300w, https:\/\/www.swiatlazienek.com.pl\/blog\/wp-content\/uploads\/2018\/04\/olympia-ceramica-impero-szaf_109324-150x150.jpg 150w, https:\/\/www.swiatlazienek.com.pl\/blog\/wp-content\/uploads\/2018\/04\/olympia-ceramica-impero-szaf_109324.jpg 750w\" sizes=\"(max-width: 221px) 100vw, 221px\" \/>Czarna szafka w \u0142azience? A mo\u017ce tylko blat umywalkowy? Mo\u017cna go po\u0142\u0105czy\u0107 zar\u00f3wno z bia\u0142\u0105, jak i czarn\u0105 umywalka. Wszystko zale\u017cy od Twoich preferencji.<\/p>\n<p><a href=\"https:\/\/swiatlazienek.com.pl\/k1131,lazienka-meble-lazienkowe-lustra-oswietlenie,2.html?cena%5b0%5d=50&amp;cena%5b1%5d=22750&amp;fc%5b13%5d%5b%5d=23&amp;fc%5b13%5d%5b%5d=2829\">Zobacz czarne meble \u0142azienkowe na stronie swiatlazienek.com.pl<\/a><\/p>\n<p>&nbsp;<\/p>\n<p>&nbsp;<\/p>\n<ol start=\"5\">\n<li><strong>Czarne akcesoria<\/strong><\/li>\n<\/ol>\n<p><img loading=\"lazy\" class=\"wp-image-117 alignright\" src=\"http:\/\/www.swiatlazienek.com.pl\/blog\/wp-content\/uploads\/2018\/04\/heritage-chesham-lustro_93232-259x300.jpg\" alt=\"\" width=\"192\" height=\"222\" srcset=\"https:\/\/www.swiatlazienek.com.pl\/blog\/wp-content\/uploads\/2018\/04\/heritage-chesham-lustro_93232-259x300.jpg 259w, https:\/\/www.swiatlazienek.com.pl\/blog\/wp-content\/uploads\/2018\/04\/heritage-chesham-lustro_93232-768x888.jpg 768w, https:\/\/www.swiatlazienek.com.pl\/blog\/wp-content\/uploads\/2018\/04\/heritage-chesham-lustro_93232-886x1024.jpg 886w, https:\/\/www.swiatlazienek.com.pl\/blog\/wp-content\/uploads\/2018\/04\/heritage-chesham-lustro_93232-1245x1440.jpg 1245w, https:\/\/www.swiatlazienek.com.pl\/blog\/wp-content\/uploads\/2018\/04\/heritage-chesham-lustro_93232.jpg 1600w\" sizes=\"(max-width: 192px) 100vw, 192px\" \/>Je\u015bli Twoja \u0142azienka jest ma\u0142a i czarne \u015bciany mog\u0142yby j\u0105 tylko dodatkowo pomniejszy\u0107, zawsze mo\u017cesz doda\u0107 do niej akcesoria w tym kolorze. Efekt ko\u0144cowy b\u0119dzie mniej ekstrawagancki, lecz z pewno\u015bci\u0105 nawet same dodatki sprawi\u0105, \u017ce \u0142azienka b\u0119dzie prezentowa\u0107 si\u0119 elegancko.<\/p>\n<p><a href=\"https:\/\/swiatlazienek.com.pl\/k1133,lazienka-dodatki-lazienkowe.html?cena%5B0%5D=0&amp;cena%5B1%5D=13500&amp;fc%5B13%5D%5B%5D=23\">Zobacz czarne akcesoria \u0142azienkowe na stronie swiatlazienek.com.pl<\/a><\/p>\n","protected":false},"excerpt":{"rendered":"<p>Czarna \u0142azienka \u2013 elegancja i oryginalno\u015b\u0107 Czer\u0144 to kolor kojarz\u0105cy si\u0119 z elegancj\u0105 i luksusem. Tym, kt\u00f3rzy nie boj\u0105 si\u0119 odwa\u017cnych i niestandardowych rozwi\u0105za\u0144, proponujemy wykorzystanie go tak\u017ce w \u0142azience! Pomimo, \u017ce czarne \u0142azienki sprawdzaj\u0105 si\u0119 lepiej w przypadku wi\u0119kszych pomieszcze\u0144, dodatki w tym kolorze mo\u017cna wykorzysta\u0107 tak\u017ce w przypadku &hellip;<\/p>\n","protected":false},"author":1,"featured_media":90,"comment_status":"open","ping_status":"open","sticky":false,"template":"","format":"standard","meta":{"ngg_post_thumbnail":0},"categories":[1],"tags":[],"_links":{"self":[{"href":"https:\/\/www.swiatlazienek.com.pl\/blog\/wp-json\/wp\/v2\/posts\/88"}],"collection":[{"href":"https:\/\/www.swiatlazienek.com.pl\/blog\/wp-json\/wp\/v2\/posts"}],"about":[{"href":"https:\/\/www.swiatlazienek.com.pl\/blog\/wp-json\/wp\/v2\/types\/post"}],"author":[{"embeddable":true,"href":"https:\/\/www.swiatlazienek.com.pl\/blog\/wp-json\/wp\/v2\/users\/1"}],"replies":[{"embeddable":true,"href":"https:\/\/www.swiatlazienek.com.pl\/blog\/wp-json\/wp\/v2\/comments?post=88"}],"version-history":[{"count":15,"href":"https:\/\/www.swiatlazienek.com.pl\/blog\/wp-json\/wp\/v2\/posts\/88\/revisions"}],"predecessor-version":[{"id":123,"href":"https:\/\/www.swiatlazienek.com.pl\/blog\/wp-json\/wp\/v2\/posts\/88\/revisions\/123"}],"wp:featuredmedia":[{"embeddable":true,"href":"https:\/\/www.swiatlazienek.com.pl\/blog\/wp-json\/wp\/v2\/media\/90"}],"wp:attachment":[{"href":"https:\/\/www.swiatlazienek.com.pl\/blog\/wp-json\/wp\/v2\/media?parent=88"}],"wp:term":[{"taxonomy":"category","embeddable":true,"href":"https:\/\/www.swiatlazienek.com.pl\/blog\/wp-json\/wp\/v2\/categories?post=88"},{"taxonomy":"post_tag","embeddable":true,"href":"https:\/\/www.swiatlazienek.com.pl\/blog\/wp-json\/wp\/v2\/tags?post=88"}],"curies":[{"name":"wp","href":"https:\/\/api.w.org\/{rel}","templated":true}]}}